{"id":393,"date":"2024-02-22T12:42:50","date_gmt":"2024-02-22T11:42:50","guid":{"rendered":"https:\/\/www.basicgrup.com\/blog\/?p=393"},"modified":"2024-02-22T12:42:51","modified_gmt":"2024-02-22T11:42:51","slug":"deduibilitat-fiscal-a-efectes-diva-irpf-i-is-de-les-despeses-associades-a-ladquisicio-i-us-de-vehicles-dempresa-o-destinat-a-lactivitat-empresarial-professiona","status":"publish","type":"post","link":"https:\/\/www.basicgrup.com\/blog\/deduibilitat-fiscal-a-efectes-diva-irpf-i-is-de-les-despeses-associades-a-ladquisicio-i-us-de-vehicles-dempresa-o-destinat-a-lactivitat-empresarial-professiona\/","title":{"rendered":"DEDU\u00cfBILITAT FISCAL, A EFECTES D\u2019IVA, IRPF I IS, DE LES DESPESES ASSOCIADES A L\u2019ADQUISICI\u00d3 I \u00daS DE VEHICLES D\u2019EMPRESA O DESTINAT A L\u2019ACTIVITAT EMPRESARIAL \/ PROFESSIONAL."},"content":{"rendered":"<div class=\"wp-block-image is-style-default\">\n<figure class=\"alignleft size-medium is-resized\"><img decoding=\"async\" loading=\"lazy\" src=\"https:\/\/www.basicgrup.com\/blog\/wp-content\/uploads\/2024\/02\/fleet-5153286_1280-300x200.jpg\" alt=\"\" class=\"wp-image-395\" width=\"354\" height=\"235\" srcset=\"https:\/\/www.basicgrup.com\/blog\/wp-content\/uploads\/2024\/02\/fleet-5153286_1280-300x200.jpg 300w, https:\/\/www.basicgrup.com\/blog\/wp-content\/uploads\/2024\/02\/fleet-5153286_1280-1024x682.jpg 1024w, https:\/\/www.basicgrup.com\/blog\/wp-content\/uploads\/2024\/02\/fleet-5153286_1280-768x512.jpg 768w, https:\/\/www.basicgrup.com\/blog\/wp-content\/uploads\/2024\/02\/fleet-5153286_1280.jpg 1280w\" sizes=\"(max-width: 354px) 100vw, 354px\" \/><\/figure><\/div>\n\n\n<p class=\"has-text-align-left\">Les despeses associades a l&#8217;adquisici\u00f3 i \u00fas de vehicles d&#8217;empresa, com ara la compra, l&#8217;arrendament financer, l&#8217;asseguran\u00e7a obligat\u00f2ria de responsabilitat civil o la gasolina, entre d&#8217;altres, s\u00f3n dedu\u00efbles en l&#8217;\u00e0mbit fiscal a l&#8217;IRPF, l&#8217;IVA i l&#8217;impost sobre Societats, establint requisits diferents a cada una de les lleis que regulen aquests tres impostos.<\/p>\n\n\n\n<p class=\"has-text-align-left\">A continuaci\u00f3, s\u2019exposen els principals aspectes a tenir en compte per deduir amb seguretat aquesta tipologia de despeses a cada un dels impostos esmenats.<\/p>\n\n\n\n<p><\/p>\n\n\n\n<p><\/p>\n\n\n\n<h2 class=\"has-text-align-left\">1- IVA<\/h2>\n\n\n\n<p>L\u2019article 95 de la Llei 37\/1992, de 28 de desembre, de l\u2019Impost sobre el Valor Afegit (d\u2019ara endavant, la Llei de l\u2019IVA) permet la deducci\u00f3 d\u2019aquelles quotes de l\u2019IVA suportades per l\u2019adquisici\u00f3, la importaci\u00f3, l\u2019arrendament o la cessi\u00f3 de l\u2019\u00fas d\u2019aquells bens que es considerin \u201cb\u00e9ns d\u2019inversi\u00f3\u201d pels empresaris, aix\u00f2 \u00e9s, de bens que es preveu utilitzar per a l\u2019empresa durant m\u00e9s d\u2019un any de manera continuada. Entre d\u2019altes, trobem els vehicles d\u2019empresa.<\/p>\n\n\n\n<p>La deducci\u00f3 que es preveu a l\u2019article es basa en el percentatge d\u2019afectaci\u00f3 a l\u2019activitat empresarial i professional. Per aix\u00f2, la Llei parteix d\u2019una afectaci\u00f3 inicial del 50% dels vehicles, que permet d\u2019entrada deduir el 50% de l\u2019IVA suportat a la compra o en l\u2019arrendament financer.<\/p>\n\n\n\n<p><strong>Per aconseguir un major percentatge de deducci\u00f3, l\u2019empresa o empresari y professional individual&nbsp; s\u2019haur\u00e0 de demostrar que el vehicle s\u2019usa en una ratio superior al 50% per als fins empresarials i professionals.<\/strong><\/p>\n\n\n\n<p>En concret, per a deduir el 100% de la quota d&#8217;IVA suportat en la seva compra o en el seu arrendament financer haur\u00e0 d&#8217;estar en possessi\u00f3 de mitjans de prova suficients que garanteixin que l&#8217;\u00fas del vehicle \u00e9s 100% empresarial i professional<a href=\"#_ftn1\" id=\"_ftnref1\">[1]<\/a>, i que no s&#8217;empra per a necessitats personals dels empleats o directius de l&#8217;empresa.<\/p>\n\n\n\n<p>Per a aix\u00f2 \u00e9s requisit imprescindible que el vehicle estigui sempre i en qualsevol cas donat d&#8217;alta en la comptabilitat de l&#8217;empresa (article 95.Dos.3r de la Llei de l&#8217;IVA, <em>a sensu contrari<\/em>), i haur\u00e0 de guardar-se el contracte de compra o arrendament financer, aix\u00ed com la factura de compra o els rebuts mensuals de l&#8217;arrendament (consulta vinculant de la Direcci\u00f3 General de Tributs n\u00famero V2607-18).<\/p>\n\n\n\n<p>A aix\u00f2 haur\u00e0 d&#8217;afegir-se algun mitj\u00e0 probatori m\u00e9s, encaminat a demostrar que no es fa un \u00fas particular del vehicle. Detallem m\u00e9s endavant alguns dels mitjans de prova que han estat admesos pels tribunals de just\u00edcia i\/ o l&#8217;Ag\u00e8ncia Tribut\u00e0ria en aquest sentit.<\/p>\n\n\n\n<p>El grau d&#8217;afectaci\u00f3 del vehicle a usos empresarials i professionals comportar\u00e0 que les quotes d&#8217;IVA suportades de les despeses associades a aquest, com la gasolina, les reparacions o els peatges, puguin ser dedu\u00efbles per l&#8217;empresa en el mateix percentatge que el vehicle (consulta vinculant de la Direcci\u00f3 General de Tributs n\u00famero V1554-21).<\/p>\n\n\n\n<p>Finalment, la mateixa Llei de l&#8217;IVA, en l&#8217;article 95. Tres de la Llei de l&#8217;IVA, identifica uns certs casos en els quals es presumeix que el vehicle es troba destinat a l&#8217;activitat de l&#8217;empresa al 100%. S\u00f3n els seg\u00fcents:<\/p>\n\n\n\n<ol type=\"a\">\n<li>Els vehicles mixtos utilitzats en el transport de mercaderies.<\/li>\n\n\n\n<li>Els utilitzats en la prestaci\u00f3 de serveis de transport de viatgers mitjan\u00e7ant contraprestaci\u00f3 (per exemple, autobusos d&#8217;empreses de transport).<\/li>\n\n\n\n<li>Els utilitzats en la prestaci\u00f3 de serveis d&#8217;ensenyament de conductors o pilots mitjan\u00e7ant contraprestaci\u00f3.<\/li>\n\n\n\n<li>Els utilitzats pels seus fabricants en la realitzaci\u00f3 de proves, assajos, demostracions o en la promoci\u00f3 de vendes.<\/li>\n\n\n\n<li>Els utilitzats en els despla\u00e7aments professionals dels representants o agents comercials.<\/li>\n\n\n\n<li>Els utilitzats en serveis de vigil\u00e0ncia.<\/li>\n<\/ol>\n\n\n\n<p>En cas de dubte sobre si el vehicle pot considerar-se destinat completament a l&#8217;activitat empresarial, recomanem deduir les quotes d&#8217;IVA suportat al 50%.<\/p>\n\n\n\n<hr class=\"wp-block-separator has-alpha-channel-opacity\"\/>\n\n\n\n<p><a href=\"#_ftnref1\" id=\"_ftn1\"><em><strong>[1]<\/strong><\/em><\/a><em> <\/em>Extracte de la sent\u00e8ncia del Tribunal Suprem, sala contenciosa administrativa, del dia 5 de febrer de 2018, n\u00famero 153\/2018<em>: \u201cTal com hem interpretat el precepte, en efecte, la deducci\u00f3 superior o inferior al 50% dep\u00e8n de la prova -que, insistim, no considerem de dif\u00edcil o impossible pr\u00e0ctica- del \u00abgrau efectiu d&#8217;utilitzaci\u00f3 dels b\u00e9ns en el desenvolupament de l&#8217;activitat empresarial o professional\u201d [\u2026]\u201d<\/em><\/p>\n\n\n\n<h2>2- IRPF I IMPOST DE SOCIETATS.<\/h2>\n\n\n\n<p>Al contrari del que succeeix en seu de l&#8217;IVA, tant en IRPF com en l&#8217;Impost de societats la normativa aplicable exigeix que el vehiculo formi part del patrimoni empresarial i que estigui completament afecte a l&#8217;activitat empresarial i professional, sense que existeixi una presumpci\u00f3 d&#8217;afectaci\u00f3 m\u00ednima com ocorre en el cas de l&#8217;IVA.<\/p>\n\n\n\n<p>Tant l&#8217;IRPF com l&#8217;Impost de societats parteixen de la mateixa regulaci\u00f3 de deducci\u00f3 de les despeses, que es remet al Codi de Comer\u00e7 i al Pla General Comptable, segons els quals, seran despeses dedu\u00efbles aquells que es trobin comptabilitzats en els llibres i registres de gesti\u00f3 obligat\u00f2ria per a les empreses, empresaris i professionals, es guardi el justificant corresponent (aix\u00f2 \u00e9s, la factura de compra o document equivalent) i hagin guardat relaci\u00f3 amb l&#8217;activitat empresarial i professional.<\/p>\n\n\n\n<p>En el cas dels vehicles, tamb\u00e9 s&#8217;exigeix que hagin de <strong>formar part del patrimoni empresarial<\/strong> (consulta vinculant de la Direcci\u00f3 General de Tributs n\u00famero V2092-22).<\/p>\n\n\n\n<p>En aquest sentit, l&#8217;article 29 de la Llei 35\/2006, de 28 de novembre, de l&#8217;Impost sobre la Renda de les Persones F\u00edsiques (d&#8217;ara endavant, Llei de l&#8217;IRPF), disposa que s&#8217;entendran com a elements patrimonials afectes a l&#8217;activitat empresarial i professional, entre altres, aquells que siguin necessaris per a l&#8217;obtenci\u00f3 dels ingressos, i que, en cas que \u00fanicament serveixin parcialment a aquest fi, l&#8217;afectaci\u00f3 s&#8217;entendr\u00e0 limitada a aquella part dels mateixos que s&#8217;empri en l&#8217;activitat empresarial i professional.<\/p>\n\n\n\n<p>No obstant aix\u00f2, els tribunals de just\u00edcia han deixat clar que els vehicles no poden dividir-se en parts, i per tant, no poden entendre&#8217;s parcialment afectes a l&#8217;activitat empresarial i professional; pel que la<strong> seva afectaci\u00f3 ser\u00e0, ben total, ben nul\u00b7la <\/strong>(sent\u00e8ncia del Tribunal Suprem del dia 13 de juny de 2019, n\u00famero de recurs 1463\/2017).<\/p>\n\n\n\n<p>Per part seva, l&#8217;article 22 del Reial decret 439\/2007, de 30 de mar\u00e7, pel qual s&#8217;aprova el Reglament de l&#8217;Impost sobre la Renda de les Persones F\u00edsiques (d&#8217;ara endavant, Reglament de l&#8217;IRPF) cont\u00e9 una presumpci\u00f3 inicial que determinats vehicles s&#8217;empren per al desenvolupament de l&#8217;activitat econ\u00f2mica encara que es destinin a l&#8217;\u00fas personal de l&#8217;empresari i professional, en dies o hores inh\u00e0bils durant els quals s&#8217;interromp l&#8217;exercici de l&#8217;activitat empresarial i professional, i per tant, \u00e9s possible deduir la totalitat de les despeses associades a aquests. Els vehicles als quals s&#8217;aplica aquesta presumpci\u00f3 s\u00f3n els seg\u00fcents:<\/p>\n\n\n\n<ol type=\"a\">\n<li>Els vehicles mixtos utilitzats en el transport de mercaderies.<\/li>\n\n\n\n<li>Els utilitzats en la prestaci\u00f3 de serveis de transport de viatgers mitjan\u00e7ant contraprestaci\u00f3 (per exemple, autobusos d&#8217;empreses de transport).<\/li>\n\n\n\n<li>Els utilitzats en la prestaci\u00f3 de serveis d&#8217;ensenyament de conductors o pilots mitjan\u00e7ant contraprestaci\u00f3.<\/li>\n\n\n\n<li>Els utilitzats pels seus fabricants en la realitzaci\u00f3 de proves, assajos, demostracions o en la promoci\u00f3 de vendes.<\/li>\n\n\n\n<li>Els utilitzats en els despla\u00e7aments professionals dels representants o agents comercials.<\/li>\n\n\n\n<li>Els utilitzats a ser objecte de cessi\u00f3 d&#8217;\u00fas amb habitualidad i onerositat (per exemple, els que formin part de la flota de vehicles d&#8217;empreses de lloguer de vehiculos).<\/li>\n<\/ol>\n\n\n\n<p>\u00c9s important destacar que als autom\u00f2bils de turisme, els seus remolcs, els ciclomotors, les motocicletes, les aeronaus i les embarcacions esportives o d&#8217;esbarjo no se&#8217;ls aplicar\u00e0 la presumpci\u00f3 avantdita, de manera que, excepte prova en contra, s&#8217;interpreta per part de l&#8217;Ag\u00e8ncia Tribut\u00e0ria i els tribunals de just\u00edcia que NO es troben afectes a l&#8217;activitat empresarial i professional, no podent per tant deduir en seu de l&#8217;IRPF les seves despeses (sent\u00e8ncia del Tribunal Suprem del dia 13 de juny de 2019, n\u00famero de recurs 1463\/2017).<\/p>\n\n\n\n<p>Per conseg\u00fcent, per a deduir el 100% de les despeses associades a aquesta mena de vehicles en seu de l&#8217;IRPF, <strong>l&#8217;empresari i professional haur\u00e0 d&#8217;estar en possessi\u00f3 de mitjans de prova suficients que garanteixin que l&#8217;\u00fas del vehicle \u00e9s <u>100<\/u>% empresarial i professional<\/strong>, i que no s&#8217;empra per a necessitats personals dels empleats o directius de l&#8217;empresa.<\/p>\n\n\n\n<p>Per a l&#8217;Impost de societats no \u00e9s aplicable la distinci\u00f3 entre tipologies de vehicles que fa l&#8217;article 22 del Reglament de l&#8217;IRPF, si b\u00e9, <strong>per a poder deduir el 100% de les despeses de vehicles s&#8217;haur\u00e0 d&#8217;acreditar tamb\u00e9 mitjan\u00e7ant mitjans de prova suficients que el seu \u00fas \u00e9s 100% empresarial i professional.<\/strong><\/p>\n\n\n\n<h2>3- MITJANS DE PROVA DEL GRAU D&#8217;AFECTACIO A L&#8217;ACTIVITAT DELS VEHICLES.<\/h2>\n\n\n\n<p>A continuaci\u00f3, passem a detallar alguns dels mitjans de prova que han estat admesos pels tribunals de just\u00edcia i\/ o l&#8217;Ag\u00e8ncia Tribut\u00e0ria a l&#8217;efecte d&#8217;acreditar el grau d&#8217;afectaci\u00f3 al patrimoni empresarial i professional dels vehicles:<\/p>\n\n\n\n<ul>\n<li>Que figuri en l&#8217;asseguran\u00e7a dels vehicles com a titular dels mateixos l&#8217;empresa o l&#8217;empresari \/ professional individual, i com a \u00fas per al qual s\u2019usa el vehicle \u201cl\u2019\u00fas empresarial \/ professional\u201d (sent\u00e8ncia de l&#8217;Audi\u00e8ncia Nacional del dia 7 de mar\u00e7 de 2019, n\u00famero de recurs 561\/2016).<\/li>\n<\/ul>\n\n\n\n<p>Com a conductor autoritzat, hi ha diverses opcions:<\/p>\n\n\n\n<ol>\n<li>Si existeix un treballador o directiu concret al qual s&#8217;hagi atribu\u00eft l&#8217;\u00fas exclusiu del vehicle, haur\u00e0 de constar aquesta persona com a conductor autoritzat.<\/li>\n\n\n\n<li>En cas contrari, aix\u00f2 \u00e9s, que qualsevol empleat pugui utilitzar el vehicle, pot posar-se una cl\u00e0usula oberta sobre el conductor autoritzat (per exemple, \u201cels autoritzats per l&#8217;empresa\u201d o similar)<\/li>\n<\/ol>\n\n\n\n<p><\/p>\n\n\n\n<ul>\n<li>Si els vehicles son utilizats pel personal comercial propi de l&#8217;empresa, hauran de guardar-se els contractes d&#8217;aquests i fer constar en ells de manera clara que tenen la categoria de comercials, o que exerceixen tasques d&#8217;aquesta naturalesa (sent\u00e8ncia del Tribunal Suprem, sala contenciosa administrativa, del dia 19 de juliol de 2018, n\u00famero de recurs 4069\/2017).<\/li>\n<\/ul>\n\n\n\n<ul>\n<li>Si els vehicles s\u00f3n cedits a treballadors o directius concrets, haur\u00e0 d&#8217;imputar-se&#8217;ls en la n\u00f2mina un import corresponent a l&#8217;\u00fas que puguin fer a l\u2019\u00e1mbit particular (consulta vinculant de la Direcci\u00f3 General de Tributs n\u00famero V3216-18). Aix\u00f2 \u00e9s tamb\u00e9 aplicable en cas que se&#8217;ls cedeixi el vehicle per al seu \u00fas completament particular, com un mitj\u00e0 de retribuci\u00f3 m\u00e9s pel seu treball.<\/li>\n<\/ul>\n\n\n\n<p>Aix\u00ed mateix, \u00e9s recomanable que se&#8217;ls faci signar un document o annex al contracte de treball (per exemple, una Car Policy), en el qual es formalitzi aquesta retribuci\u00f3, s&#8217;identifiqui el vehicle cedit i les condicions del seu \u00fas, com ara si l&#8217;\u00fas \u00e9s exclusiu per a despla\u00e7aments laborals, si \u00e9s exclusiu per al seu \u00fas personal, o si es permet un \u00fas mixt (sent\u00e8ncia del Tribunal Suprem, sala contenciosa administrativa, del dia 29 de gener de 2019, n\u00famero de recurs 128\/2018).<\/p>\n\n\n\n<ul>\n<li>Els vehicles no cedits a un treballador en concret han de quedar estacionats en les depend\u00e8ncies de l&#8217;empresa, o en aparcaments llogats a aquest efecte (si econ\u00f2micament \u00e9s viable aquesta opci\u00f3) (sent\u00e8ncia de l&#8217;Audi\u00e8ncia Nacional de 6 de juny de 2002, n\u00famero de recurs 941\/1999).<\/li>\n<\/ul>\n\n\n\n<p>Haur\u00e0 de guardar-se prova d&#8217;aquests estacionaments (per exemple, imatges gr\u00e0fiques de l&#8217;aparcament de l&#8217;empresa, consignaci\u00f3 de les claus \/ comandaments i signatura de documents de cessi\u00f3 d&#8217;aquestes claus \/ comandaments, etc.).<\/p>\n\n\n\n<ul>\n<li>\u00c9s recomanable, en cas de disposar de c\u00e0meres de videovigil\u00e0ncia, guardar les imatges d&#8217;entrades i sortides dels vehicles del recinte empresarial.<\/li>\n<\/ul>\n\n\n\n<ul>\n<li>Guardar les refer\u00e8ncies al quilometratge fets amb els vehicles. Pot servir com a mesura de comparaci\u00f3 respecte dels quil\u00f2metres que haurien d&#8217;haver-se recorregut amb ells en funci\u00f3 de l&#8217;\u00fas donat pel personal (per exemple, en funci\u00f3 de les visites efectuades, mercaderies transportades, etc.).<\/li>\n<\/ul>\n\n\n\n<ul>\n<li>En relaci\u00f3 amb el punt anterior, registrar en un dietari \/ diari les sortides i recorreguts fets amb cada vehicle, identificant al treballador que ha utilitzat el cotxe, el dest\u00ed, la tasca executada, el quilometratge realitzat, etc. (sent\u00e8ncia del Tribunal Superior de Just\u00edcia de la Comunitat Valenciana de 21 de maig de 2019, n\u00famero de recurs 1\/2017, i sent\u00e8ncia de l&#8217;Audi\u00e8ncia Nacional de 6 de juny de 2002, n\u00famero de recurs 941\/1999).<\/li>\n<\/ul>\n\n\n\n<p>Tamb\u00e9 \u00e9s recomanable guardar registre de les visites comercials a clients de l&#8217;empresa o de les sortides de mercaderies, si es realitzen amb vehicles d&#8217;empresa, perqu\u00e8 puguin ser contrastats amb el dietari \/ diari de sortides.<\/p>\n\n\n\n<ul>\n<li>Retolaci\u00f3 dels vehicles amb els logos de l&#8217;empresa.<\/li>\n<\/ul>\n\n\n\n<p>Ha de tenir-se en compte que, en qualsevol cas, <strong>estar en possessi\u00f3 d&#8217;un o diversos d&#8217;aquests mitjans de prova pot no ser suficient perqu\u00e8<\/strong>, en cas d&#8217;un procediment de comprovaci\u00f3 o inspecci\u00f3 per part dels \u00f2rgans corresponents de l&#8217;Ag\u00e8ncia Tribut\u00e0ria, aquests \u00f2rgans considerin demostrat que el vehicle s&#8217;emprava completament per a fins empresarials<strong>. La interpretaci\u00f3 que realitza d&#8217;aquests casos l&#8217;Ag\u00e8ncia Tribut\u00e0ria \u00e9s molt restrictiva, i <u>pot anar variant amb el pas del temps<\/u>.<\/strong><\/p>\n\n\n\n<p>Per part seva, els tribunals de just\u00edcia exigeixen que s&#8217;aportin diverses proves que acreditin l&#8217;\u00fas empresarial i professional del vehicle, havent de valorar-les en el conjunt.<\/p>\n\n\n\n<p>Finalment, es desaconsella utilitzar vehicles considerats d\u2019 \u201calta gamma\u201d, at\u00e8s que gran part de la doctrina tradicionalment els ha interpretat com destinats a un \u00fas personal (a tall d&#8217;exemple, la sent\u00e8ncia del Tribunal Suprem, sala contenciosa administrativa, del dia 25 d&#8217;abril de 2014, n\u00famero de recurs 2117\/2012).<\/p>\n\n\n\n<p>A Barcelona \/ Ciutadella, a 19 de febrer de 2024.<\/p>\n\n\n\n<p><em><u>Departament Fiscal Tributari<\/u><\/em><\/p>\n\n\n\n<p><strong>Marta de Pedro Medina<\/strong><\/p>\n\n\n\n<p><a href=\"mailto:mdepedro@basicgrup.com\">mdepedro@basicgrup.com<\/a><\/p>\n\n\n\n<p>93.494.75.07<\/p>\n\n\n\n<p><strong>Ana Mar\u00eda Eustaquio F\u00e9lix<\/strong><\/p>\n\n\n\n<p><a href=\"mailto:aeustaquio@basicgrup.com\">aeustaquio@basicgrup.com<\/a><\/p>\n\n\n\n<p>93.494.75.07<\/p>\n\n\n\n<p><strong>Joan Farr\u00e9s L\u00f3pez<\/strong><\/p>\n\n\n\n<p><a href=\"mailto:jfarres@basicgrup.com\">jfarres@basicgrup.com<\/a><\/p>\n\n\n\n<p>93.494.75.07<\/p>\n","protected":false},"excerpt":{"rendered":"<p>Les despeses associades a l&#8217;adquisici\u00f3 i \u00fas de vehicles d&#8217;empresa, com ara la compra, l&#8217;arrendament financer, l&#8217;asseguran\u00e7a obligat\u00f2ria de responsabilitat civil o la gasolina, entre d&#8217;altres, s\u00f3n dedu\u00efbles en l&#8217;\u00e0mbit fiscal a l&#8217;IRPF, l&#8217;IVA i l&#8217;impost sobre Societats, establint requisits diferents a cada una de les lleis que regulen aquests tres impostos. A continuaci\u00f3, s\u2019exposen els principals aspectes a tenir en compte per deduir amb seguretat aquesta tipologia de despeses a cada un dels impostos esmenats. 1- IVA L\u2019article 95 de la Llei 37\/1992, de 28 de desembre, de l\u2019Impost sobre el Valor Afegit (d\u2019ara endavant, la Llei de l\u2019IVA) permet la deducci\u00f3 d\u2019aquelles quotes de l\u2019IVA suportades per l\u2019adquisici\u00f3, la importaci\u00f3, l\u2019arrendament o la cessi\u00f3 de l\u2019\u00fas d\u2019aquells bens que es considerin \u201cb\u00e9ns d\u2019inversi\u00f3\u201d pels empresaris, aix\u00f2 \u00e9s, de bens que es preveu utilitzar per a l\u2019empresa durant m\u00e9s d\u2019un any de manera continuada. Entre d\u2019altes, trobem els vehicles d\u2019empresa. La deducci\u00f3 que es preveu a l\u2019article es basa en el percentatge d\u2019afectaci\u00f3 a l\u2019activitat empresarial i professional. Per aix\u00f2, la Llei parteix d\u2019una afectaci\u00f3 inicial del 50% dels vehicles, que permet d\u2019entrada deduir el 50% de l\u2019IVA suportat a la compra o en l\u2019arrendament financer. Per aconseguir un [&hellip;]<\/p>\n","protected":false},"author":2,"featured_media":0,"comment_status":"closed","ping_status":"closed","sticky":false,"template":"","format":"standard","meta":[],"categories":[28,1],"tags":[128,83,86,127,90,130,129],"_links":{"self":[{"href":"https:\/\/www.basicgrup.com\/blog\/wp-json\/wp\/v2\/posts\/393"}],"collection":[{"href":"https:\/\/www.basicgrup.com\/blog\/wp-json\/wp\/v2\/posts"}],"about":[{"href":"https:\/\/www.basicgrup.com\/blog\/wp-json\/wp\/v2\/types\/post"}],"author":[{"embeddable":true,"href":"https:\/\/www.basicgrup.com\/blog\/wp-json\/wp\/v2\/users\/2"}],"replies":[{"embeddable":true,"href":"https:\/\/www.basicgrup.com\/blog\/wp-json\/wp\/v2\/comments?post=393"}],"version-history":[{"count":11,"href":"https:\/\/www.basicgrup.com\/blog\/wp-json\/wp\/v2\/posts\/393\/revisions"}],"predecessor-version":[{"id":405,"href":"https:\/\/www.basicgrup.com\/blog\/wp-json\/wp\/v2\/posts\/393\/revisions\/405"}],"wp:attachment":[{"href":"https:\/\/www.basicgrup.com\/blog\/wp-json\/wp\/v2\/media?parent=393"}],"wp:term":[{"taxonomy":"category","embeddable":true,"href":"https:\/\/www.basicgrup.com\/blog\/wp-json\/wp\/v2\/categories?post=393"},{"taxonomy":"post_tag","embeddable":true,"href":"https:\/\/www.basicgrup.com\/blog\/wp-json\/wp\/v2\/tags?post=393"}],"curies":[{"name":"wp","href":"https:\/\/api.w.org\/{rel}","templated":true}]}}