{"id":442,"date":"2025-02-10T14:51:11","date_gmt":"2025-02-10T13:51:11","guid":{"rendered":"https:\/\/www.basicgrup.com\/blog\/?p=442"},"modified":"2025-02-10T14:51:12","modified_gmt":"2025-02-10T13:51:12","slug":"suspension-de-la-causa-de-disolucion-de-sociedades-mercantiles-por-perdidas-contexto-terminacion-y-consecuencias","status":"publish","type":"post","link":"https:\/\/www.basicgrup.com\/blog\/suspension-de-la-causa-de-disolucion-de-sociedades-mercantiles-por-perdidas-contexto-terminacion-y-consecuencias\/","title":{"rendered":"<strong>Suspensi\u00f3n de la Causa de Disoluci\u00f3n de Sociedades Mercantiles por p\u00e9rdidas: Contexto, terminaci\u00f3n y consecuencias<\/strong>"},"content":{"rendered":"<div class=\"wp-block-image\">\n<figure class=\"alignright size-large is-resized\"><img decoding=\"async\" loading=\"lazy\" src=\"https:\/\/www.basicgrup.com\/blog\/wp-content\/uploads\/2025\/02\/roller-shutter-8496_1280-1-1024x768.jpg\" alt=\"\" class=\"wp-image-445\" width=\"290\" height=\"217\" srcset=\"https:\/\/www.basicgrup.com\/blog\/wp-content\/uploads\/2025\/02\/roller-shutter-8496_1280-1-1024x768.jpg 1024w, https:\/\/www.basicgrup.com\/blog\/wp-content\/uploads\/2025\/02\/roller-shutter-8496_1280-1-300x225.jpg 300w, https:\/\/www.basicgrup.com\/blog\/wp-content\/uploads\/2025\/02\/roller-shutter-8496_1280-1-768x576.jpg 768w, https:\/\/www.basicgrup.com\/blog\/wp-content\/uploads\/2025\/02\/roller-shutter-8496_1280-1.jpg 1280w\" sizes=\"(max-width: 290px) 100vw, 290px\" \/><\/figure><\/div>\n\n\n<p><strong>1. MARCO LEGAL<\/strong><\/p>\n\n\n\n<p>El art\u00edculo 363.1.e) de la Ley de Sociedades de Capital establece que una sociedad deber\u00e1 disolverse cuando, como resultado de las p\u00e9rdidas obtenidas, su patrimonio neto sea inferior a la mitad de su capital social.<\/p>\n\n\n\n<p><strong>2. MEDIDAS TEMPORALES ADOPTADAS<\/strong><\/p>\n\n\n\n<p>Para mitigar los efectos de la crisis sanitaria provocada por el COVID-19, la Ley 3\/2020, de 18 de septiembre, regul\u00f3 <strong>la suspensi\u00f3n<\/strong> de esta causa de disoluci\u00f3n. Se estableci\u00f3 que, a los solos efectos de determinar su concurrencia, <strong>no se tomar\u00edan en cuenta las p\u00e9rdidas de los ejercicios 2020 y 2021 hasta el cierre del ejercicio iniciado en 2024<\/strong>.<\/p>\n\n\n\n<p>Posteriormente, el Real Decreto-ley 9\/2024, de 23 de diciembre, extendi\u00f3 esta medida incluyendo tambi\u00e9n las p\u00e9rdidas generadas por la DANA, ampliando su efecto hasta el cierre del ejercicio 2026. Sin embargo, el Congreso de los Diputados rechaz\u00f3 la convalidaci\u00f3n de este decreto el 22 de enero de 2025, dejando sin efecto la pr\u00f3rroga.<\/p>\n\n\n\n<p>Finalmente, el Real Decreto-ley 1\/2025, de 28 de enero, reincorpor\u00f3 la suspensi\u00f3n de la causa de disoluci\u00f3n, pero limitada a <strong>las p\u00e9rdidas generadas por la DANA<\/strong>, excluyendo las derivadas del COVID-19.<\/p>\n\n\n\n<p><strong>3. IMPACTO DE LA DANA Y DIFERENCIACI\u00d3N CON EL COVID-19<\/strong><\/p>\n\n\n\n<p>La DANA del pasado mes de octubre provoc\u00f3 graves da\u00f1os econ\u00f3micos en diversas regiones, afectando a numerosas empresas con inundaciones, destrucci\u00f3n de instalaciones y p\u00e9rdida de inventarios. Debido a su impacto localizado y repentino, se decidi\u00f3 prorrogar la suspensi\u00f3n de la causa de disoluci\u00f3n s\u00f3lo para estos casos.<\/p>\n\n\n\n<p>En contraste, las p\u00e9rdidas derivadas del COVID-19, aunque significativas, ya hab\u00edan contado con medidas extraordinarias y se consider\u00f3 que las empresas hab\u00edan tenido tiempo para reestructurar su situaci\u00f3n financiera.<\/p>\n\n\n\n<p><strong>4. IMPLICACIONES PARA LAS EMPRESAS<\/strong><\/p>\n\n\n\n<p>A partir del 23 de enero de 2025, las p\u00e9rdidas de los ejercicios 2020 y 2021 deber\u00e1n ser incorporadas nuevamente para evaluar si la empresa se encuentra en causa de disoluci\u00f3n seg\u00fan el art\u00edculo 363.1.e). Esto tiene efectos directos en los administradores, quienes, para evitar responsabilidad personal seg\u00fan el art\u00edculo 367 de la Ley de Sociedades de Capital, deben:<\/p>\n\n\n\n<ul>\n<li>Evaluar si concurre la causa de disoluci\u00f3n.<\/li>\n\n\n\n<li>Convocar la Junta General en un plazo de dos meses para tomar medidas adecuadas.<\/li>\n\n\n\n<li>En caso de no hacerlo, podr\u00edan responder personalmente por las deudas generadas a partir de la causa de disoluci\u00f3n.<\/li>\n<\/ul>\n\n\n\n<p><strong>5. OPCIONES PARA EVITAR LA DISOLUCI\u00d3N<\/strong><\/p>\n\n\n\n<p>Para restablecer el equilibrio patrimonial y evitar la disoluci\u00f3n, la Junta General puede considerar:<\/p>\n\n\n\n<ul>\n<li><strong>Aportaciones adicionales de los socios<\/strong>, ya sea mediante pr\u00e9stamos o ampliaciones de capital.<\/li>\n\n\n\n<li><strong>Reducci\u00f3n del capital social<\/strong> para ajustar el balance financiero.<\/li>\n\n\n\n<li><strong>Estrategias de reestructuraci\u00f3n<\/strong>, como negociaciones con acreedores o la b\u00fasqueda de inversores.<\/li>\n<\/ul>\n\n\n\n<p><strong>6. CONCLUSI\u00d3N<\/strong><\/p>\n\n\n\n<p>Este cambio normativo supone un reto para muchas empresas, especialmente aquellas que lograron sobrevivir a la pandemia pero ahora enfrentan incertidumbre financiera. La evaluaci\u00f3n detallada de la situaci\u00f3n econ\u00f3mica y la toma r\u00e1pida de decisiones estrat\u00e9gicas ser\u00e1 clave para garantizar la continuidad de los negocios y minimizar riesgos.<\/p>\n\n\n\n<p>Guillem Ramos<\/p>\n\n\n\n<p>Abogado Mercantil<\/p>\n","protected":false},"excerpt":{"rendered":"<p>1. MARCO LEGAL El art\u00edculo 363.1.e) de la Ley de Sociedades de Capital establece que una sociedad deber\u00e1 disolverse cuando, como resultado de las p\u00e9rdidas obtenidas, su patrimonio neto sea inferior a la mitad de su capital social. 2. MEDIDAS TEMPORALES ADOPTADAS Para mitigar los efectos de la crisis sanitaria provocada por el COVID-19, la Ley 3\/2020, de 18 de septiembre, regul\u00f3 la suspensi\u00f3n de esta causa de disoluci\u00f3n. Se estableci\u00f3 que, a los solos efectos de determinar su concurrencia, no se tomar\u00edan en cuenta las p\u00e9rdidas de los ejercicios 2020 y 2021 hasta el cierre del ejercicio iniciado en 2024. Posteriormente, el Real Decreto-ley 9\/2024, de 23 de diciembre, extendi\u00f3 esta medida incluyendo tambi\u00e9n las p\u00e9rdidas generadas por la DANA, ampliando su efecto hasta el cierre del ejercicio 2026. Sin embargo, el Congreso de los Diputados rechaz\u00f3 la convalidaci\u00f3n de este decreto el 22 de enero de 2025, dejando sin efecto la pr\u00f3rroga. Finalmente, el Real Decreto-ley 1\/2025, de 28 de enero, reincorpor\u00f3 la suspensi\u00f3n de la causa de disoluci\u00f3n, pero limitada a las p\u00e9rdidas generadas por la DANA, excluyendo las derivadas del COVID-19. 3. IMPACTO DE LA DANA Y DIFERENCIACI\u00d3N CON EL COVID-19 La DANA del pasado mes [&hellip;]<\/p>\n","protected":false},"author":2,"featured_media":0,"comment_status":"open","ping_status":"closed","sticky":false,"template":"","format":"standard","meta":[],"categories":[1],"tags":[158,44,157,156,155],"_links":{"self":[{"href":"https:\/\/www.basicgrup.com\/blog\/wp-json\/wp\/v2\/posts\/442"}],"collection":[{"href":"https:\/\/www.basicgrup.com\/blog\/wp-json\/wp\/v2\/posts"}],"about":[{"href":"https:\/\/www.basicgrup.com\/blog\/wp-json\/wp\/v2\/types\/post"}],"author":[{"embeddable":true,"href":"https:\/\/www.basicgrup.com\/blog\/wp-json\/wp\/v2\/users\/2"}],"replies":[{"embeddable":true,"href":"https:\/\/www.basicgrup.com\/blog\/wp-json\/wp\/v2\/comments?post=442"}],"version-history":[{"count":2,"href":"https:\/\/www.basicgrup.com\/blog\/wp-json\/wp\/v2\/posts\/442\/revisions"}],"predecessor-version":[{"id":446,"href":"https:\/\/www.basicgrup.com\/blog\/wp-json\/wp\/v2\/posts\/442\/revisions\/446"}],"wp:attachment":[{"href":"https:\/\/www.basicgrup.com\/blog\/wp-json\/wp\/v2\/media?parent=442"}],"wp:term":[{"taxonomy":"category","embeddable":true,"href":"https:\/\/www.basicgrup.com\/blog\/wp-json\/wp\/v2\/categories?post=442"},{"taxonomy":"post_tag","embeddable":true,"href":"https:\/\/www.basicgrup.com\/blog\/wp-json\/wp\/v2\/tags?post=442"}],"curies":[{"name":"wp","href":"https:\/\/api.w.org\/{rel}","templated":true}]}}